{"id":8429,"date":"2021-11-12T15:34:17","date_gmt":"2021-11-12T14:34:17","guid":{"rendered":"https:\/\/www.molitor-immobilien.de\/?p=8429"},"modified":"2021-11-12T15:34:17","modified_gmt":"2021-11-12T14:34:17","slug":"ingelheim-vielfalt-in-der-nachbarschaft","status":"publish","type":"post","link":"https:\/\/www.molitor-immobilien.de\/en\/unkategorisiert\/ingelheim-vielfalt-in-der-nachbarschaft\/","title":{"rendered":"Ingelheim: Vielfalt in der Nachbarschaft"},"content":{"rendered":"<p>Am Dienstag, 9. November, lud die in.betrieb gGmbH zur Besichtigung einer ganz besonderen Baustelle in Nieder-Ingelheim ein. Hier realisieren in.betrieb, die J. Molitor Immobilien GmbH und die Sparkasse Mainz ein sehr vielseitiges Projekt mit Werkst\u00e4tten, einer Tages-F\u00f6rderst\u00e4tte und Mietwohnungen f\u00fcr eine inklusive Nachbarschaft von Menschen mit und ohne Behinderung.<\/p>\n<p>In den Werkst\u00e4tten werden ab M\u00e4rz 2022 bis zu 100 Menschen mit geistiger Behinderung ihrer Arbeit nachgehen. Hierzu geh\u00f6rt unter anderem die Digitalisierung von Akten &#8211; ein Service, der bereits jetzt von Unternehmen und Institutionen aus der Region bei in.betrieb beauftragt werden kann. Ein weiterer Baustein des Standorts ist eine Tages-F\u00f6rderst\u00e4tte f\u00fcr 24 Menschen mit Schwerst- und Mehrfachbehinderungen. Vielfalt in der Nachbarschaft: Im Obergeschoss werden insgesamt 17 Wohneinheiten errichtet, die zum einen Teil bereits soziale Einrichtungen vermietet sind. Acht Wohnungen werden dem freien Mietmarkt zur Verf\u00fcgung stehen.<\/p>\n<p>\u201eDie in.betrieb wird die Vielfalt unserer Stadt bereichern und die Inklusion nachhaltig f\u00f6rdern. Wir freuen uns daher schon sehr auf die neuen Angebote und vor allem auf die Menschen\u201c, sagt der Ingelheimer Oberb\u00fcrgermeister Ralf Claus. in.betrieb-Gesch\u00e4ftsf\u00fchrer Michael Huber erg\u00e4nzt: \u201eWir sind stolz darauf, dass wir dieses Projekt gemeinsam mit den Projektpartner*innen so z\u00fcgig umsetzen k\u00f6nnen. Wir freuen uns sehr auf Ingelheim und darauf, bald ein Teil der Stadt zu sein. Wir wollen mit unseren Angeboten einen wichtigen Beitrag zur Inklusion von Menschen mit Behinderung ins Arbeitsleben und die Gemeinschaft leisten\u201c. F\u00fcr die Sparkasse Mainz, die das Geb\u00e4ude als Eigent\u00fcmerin im Bestand behalten wird, betont Vorstand Michael Weil: \u201eDas Projekt ist f\u00fcr uns eine Herzensangelegenheit.\u201c<\/p>\n<p>F\u00fcr uns, die J. Molitor Immobilien GmbH als Projektentwickler, und die bauausf\u00fchrende Karl Gem\u00fcnden GmbH &amp; Co. KG bot das Vorhaben einige \u201eAha\u201c-Effekte. Von der Platzierung der Waschbecken bis hin zur Gestaltung der Bodenbel\u00e4ge: Wenn man ein Geb\u00e4ude plant und errichtet, das vor allem von Menschen mit geistiger und k\u00f6rperlicher Behinderung genutzt wird, gilt es viele Details zu beachten, die bei anderen Bauten weniger relevant sind. \u00dcber folgendes Lob von in.betrieb-Gesch\u00e4ftsf\u00fchrer Michael Huber haben wir uns beim Rundgang sehr gefreut: \u201eSie entwickeln sich gerade zu echten Spezialisten im Bereich inklusiver Geb\u00e4ude!\u201c<\/p>\n<p>Bereits im M\u00e4rz n\u00e4chsten Jahres wird in den Werkst\u00e4tten der Betrieb aufgenommen. Die acht Mietwohnungen, die dem freien Wohnungsmarkt zur Verf\u00fcgung stehen, werden ab April beziehbar sein. Die modernen Mietwohnungen bieten Wohnfl\u00e4chen von ca. 49 \u2013 94 m\u00b2. Vier Wohnungen sind mit Dachterrasse ausgestattet. Die Energieversorgung des Neubaus l\u00e4uft umweltfreundlich \u00fcber Geothermie.<\/p>\n<p>Die Vermietung f\u00fcr die acht Wohnungen startet im Januar \/ Februar 2022. Unsere aktuellen Mietwohnungsangebote finden Sie <a href=\"https:\/\/www.molitor-immobilien.de\/wohnen\/wohnimmobilien-mieten\/\">HIER.<\/a><\/p>\n","protected":false},"excerpt":{"rendered":"<p>Am Dienstag, 9. November, lud die in.betrieb gGmbH zur Besichtigung einer ganz besonderen Baustelle in Nieder-Ingelheim ein. Hier realisieren in.betrieb, die J. Molitor Immobilien GmbH und die Sparkasse Mainz ein sehr vielseitiges Projekt mit Werkst\u00e4tten, einer Tages-F\u00f6rderst\u00e4tte und Mietwohnungen f\u00fcr eine inklusive Nachbarschaft von Menschen mit und ohne Behinderung.<\/p>\n","protected":false},"author":2,"featured_media":8430,"comment_status":"closed","ping_status":"closed","sticky":false,"template":"","format":"standard","meta":{"footnotes":"","mc4wp_mailchimp_campaign":[]},"categories":[],"tags":[],"acf":[],"_links":{"self":[{"href":"https:\/\/www.molitor-immobilien.de\/en\/wp-json\/wp\/v2\/posts\/8429"}],"collection":[{"href":"https:\/\/www.molitor-immobilien.de\/en\/wp-json\/wp\/v2\/posts"}],"about":[{"href":"https:\/\/www.molitor-immobilien.de\/en\/wp-json\/wp\/v2\/types\/post"}],"author":[{"embeddable":true,"href":"https:\/\/www.molitor-immobilien.de\/en\/wp-json\/wp\/v2\/users\/2"}],"replies":[{"embeddable":true,"href":"https:\/\/www.molitor-immobilien.de\/en\/wp-json\/wp\/v2\/comments?post=8429"}],"version-history":[{"count":0,"href":"https:\/\/www.molitor-immobilien.de\/en\/wp-json\/wp\/v2\/posts\/8429\/revisions"}],"wp:featuredmedia":[{"embeddable":true,"href":"https:\/\/www.molitor-immobilien.de\/en\/wp-json\/wp\/v2\/media\/8430"}],"wp:attachment":[{"href":"https:\/\/www.molitor-immobilien.de\/en\/wp-json\/wp\/v2\/media?parent=8429"}],"wp:term":[{"taxonomy":"category","embeddable":true,"href":"https:\/\/www.molitor-immobilien.de\/en\/wp-json\/wp\/v2\/categories?post=8429"},{"taxonomy":"post_tag","embeddable":true,"href":"https:\/\/www.molitor-immobilien.de\/en\/wp-json\/wp\/v2\/tags?post=8429"}],"curies":[{"name":"wp","href":"https:\/\/api.w.org\/{rel}","templated":true}]}}