{"id":4482,"date":"2020-08-07T16:52:11","date_gmt":"2020-08-07T14:52:11","guid":{"rendered":"https:\/\/www.molitor-immobilien.de\/?p=4482"},"modified":"2021-04-08T16:46:52","modified_gmt":"2021-04-08T14:46:52","slug":"kultur-an-die-luinterimsgalerie-an-der-mainzer-ludwigsstrasse","status":"publish","type":"post","link":"https:\/\/www.molitor-immobilien.de\/en\/unkategorisiert\/kultur-an-die-luinterimsgalerie-an-der-mainzer-ludwigsstrasse\/","title":{"rendered":"Kultur an die \u201eLu\u201c:Interimsgalerie an der Mainzer Ludwigsstra\u00dfe"},"content":{"rendered":"<p>\u201eLu erleben\u201c \u2013 unter diesem Motto soll die Mainzer Ludwigsstra\u00dfe wieder zum pulsierenden Anziehungspunkt werden &#8211; mit einem spannenden Mix aus Handel, Genuss und Kultur. Schon im Vorfeld der Neugestaltung wird \u201eLu erleben\u201c im vorhandenen Geb\u00e4udebestand zum Leben erweckt. Im Ladenlokal des fr\u00fcheren Nagelstudios ist die Kunst eingezogen: Die Mainzer Malerin <strong><a href=\"http:\/\/www.christiane-schauder.de\/\">Christiane Schauder<\/a> <\/strong>pr\u00e4sentiert in ihrer Interimsgalerie eine Auswahl eigener Werke und wird gleichzeitig auch anderen K\u00fcnstler:innen eine Ausstellungsm\u00f6glichkeit bieten.\u00a0 \u00a0Auch kleine Events wie Lesungen, Videoperformances und Konzerte sind geplant. Die Galerie hei\u00dft \u00fcbrigens \u201eZweitstelle\u201c \u2013 nicht nur wegen der Adresse \u2013 Fuststra\u00dfe 2 &#8211; sondern weil sie neben dem Atelier im Bleichenviertel die zweite Wirkungsst\u00e4tte der K\u00fcnstlerin ist. Durch die Schaufenster ist jederzeit ein Einblick m\u00f6glich. Freitags ist Christiane Schauder immer von 16 \u2013 20 Uhr selbst vor Ort und freut sich auf Ihren Besuch.<\/p>\n<p>Der Mainzer Maler und Internetk\u00fcnstler Stefan Budian pr\u00e4sentiert seit Montag den 03.08.2020 im Aktionsraum eine &#8220;Inselwerkstatt&#8221;. Das Besondere: Das Publikum kann zuschauen, wie Stefan Budian t\u00e4glich zwischen 11 und 18 Uhr an seinem Bild arbeitet.<\/p>\n","protected":false},"excerpt":{"rendered":"<p>Lu erleben\u201c \u2013 unter diesem Motto soll die Mainzer Ludwigsstra\u00dfe wieder zum pulsierenden Anziehungspunkt werden &#8211; mit einem spannenden Mix aus Handel, Genuss und Kultur. Schon im Vorfeld der Neugestaltung wird \u201eLu erleben\u201c im vorhandenen Geb\u00e4udebestand zum Leben erweckt. Im Ladenlokal des fr\u00fcheren Nagelstudios ist die Kunst eingezogen: Die Mainzer Malerin <strong><a href=\"http:\/\/www.christiane-schauder.de\/\">Christiane Schauder<\/a> <\/strong>pr\u00e4sentiert in ihrer Interimsgalerie eine Auswahl eigener Werke und wird gleichzeitig auch anderen K\u00fcnstler:innen eine Ausstellungsm\u00f6glichkeit bieten.<\/p>\n","protected":false},"author":2,"featured_media":4483,"comment_status":"closed","ping_status":"closed","sticky":false,"template":"","format":"standard","meta":{"footnotes":"","mc4wp_mailchimp_campaign":[]},"categories":[],"tags":[],"acf":[],"_links":{"self":[{"href":"https:\/\/www.molitor-immobilien.de\/en\/wp-json\/wp\/v2\/posts\/4482"}],"collection":[{"href":"https:\/\/www.molitor-immobilien.de\/en\/wp-json\/wp\/v2\/posts"}],"about":[{"href":"https:\/\/www.molitor-immobilien.de\/en\/wp-json\/wp\/v2\/types\/post"}],"author":[{"embeddable":true,"href":"https:\/\/www.molitor-immobilien.de\/en\/wp-json\/wp\/v2\/users\/2"}],"replies":[{"embeddable":true,"href":"https:\/\/www.molitor-immobilien.de\/en\/wp-json\/wp\/v2\/comments?post=4482"}],"version-history":[{"count":0,"href":"https:\/\/www.molitor-immobilien.de\/en\/wp-json\/wp\/v2\/posts\/4482\/revisions"}],"wp:featuredmedia":[{"embeddable":true,"href":"https:\/\/www.molitor-immobilien.de\/en\/wp-json\/wp\/v2\/media\/4483"}],"wp:attachment":[{"href":"https:\/\/www.molitor-immobilien.de\/en\/wp-json\/wp\/v2\/media?parent=4482"}],"wp:term":[{"taxonomy":"category","embeddable":true,"href":"https:\/\/www.molitor-immobilien.de\/en\/wp-json\/wp\/v2\/categories?post=4482"},{"taxonomy":"post_tag","embeddable":true,"href":"https:\/\/www.molitor-immobilien.de\/en\/wp-json\/wp\/v2\/tags?post=4482"}],"curies":[{"name":"wp","href":"https:\/\/api.w.org\/{rel}","templated":true}]}}