{"id":4187,"date":"2020-06-12T14:15:51","date_gmt":"2020-06-12T12:15:51","guid":{"rendered":"https:\/\/www.molitor-immobilien.de\/?p=4187"},"modified":"2021-04-16T17:42:53","modified_gmt":"2021-04-16T15:42:53","slug":"einegruenelunge","status":"publish","type":"post","link":"https:\/\/www.molitor-immobilien.de\/en\/unkategorisiert\/einegruenelunge\/","title":{"rendered":"Ein gr\u00fcne Lunge f\u00fcr die Mainzer Ludwigsstra\u00dfe"},"content":{"rendered":"<p>Mit Dachbegr\u00fcnungen kommt Leben in die oft weitreichend versiegelten Innenst\u00e4dte &#8211; und das hat viele Vorteile: Denn eine gr\u00fcne Landschaft auf dem Dach tr\u00e4gt zur Verbesserung von Stadtklima und Luftqualit\u00e4t bei. Zudem entlasten Dachbegr\u00fcnungen die kommunalen Kanalsysteme und Kl\u00e4ranlagen. Und nicht zuletzt ist so ein gro\u00dfer Dachgarten nat\u00fcrlich auch ein spannender Lebensraum f\u00fcr Insekten. Eine solche gr\u00fcne Oase soll auch an der Mainzer Ludwigsstra\u00dfe entstehen: Auf dem Dach des neuen Einkaufsquartiers wird ein gro\u00dffl\u00e4chiger Dachgarten angelegt, der in seinen \u00f6ffentlich zug\u00e4nglichen Bereichen auch zum Verweilen und Entspannen einladen wird. So kommt mit dem neuen Einkaufsquartier \u201eLu erleben\u201c auch \u00f6kologisch Leben an die Ludwigsstra\u00dfe. Erfahren sie mehr \u00fcber das Vorreiterprojekt f\u00fcr die Mainzer City unter: <a href=\"https:\/\/lu-erleben.de\/#lugruen\">www.lu-erleben.de<\/a><\/p>\n","protected":false},"excerpt":{"rendered":"<p>Mit Dachbegr\u00fcnungen kommt Leben in die oft weitreichend versiegelten Innenst\u00e4dte &#8211; und das hat viele Vorteile: Denn eine gr\u00fcne Landschaft auf dem Dach tr\u00e4gt zur Verbesserung von Stadtklima und Luftqualit\u00e4t bei.<\/p>\n","protected":false},"author":2,"featured_media":4188,"comment_status":"closed","ping_status":"closed","sticky":false,"template":"","format":"standard","meta":{"footnotes":"","mc4wp_mailchimp_campaign":[]},"categories":[],"tags":[],"acf":[],"_links":{"self":[{"href":"https:\/\/www.molitor-immobilien.de\/en\/wp-json\/wp\/v2\/posts\/4187"}],"collection":[{"href":"https:\/\/www.molitor-immobilien.de\/en\/wp-json\/wp\/v2\/posts"}],"about":[{"href":"https:\/\/www.molitor-immobilien.de\/en\/wp-json\/wp\/v2\/types\/post"}],"author":[{"embeddable":true,"href":"https:\/\/www.molitor-immobilien.de\/en\/wp-json\/wp\/v2\/users\/2"}],"replies":[{"embeddable":true,"href":"https:\/\/www.molitor-immobilien.de\/en\/wp-json\/wp\/v2\/comments?post=4187"}],"version-history":[{"count":0,"href":"https:\/\/www.molitor-immobilien.de\/en\/wp-json\/wp\/v2\/posts\/4187\/revisions"}],"wp:featuredmedia":[{"embeddable":true,"href":"https:\/\/www.molitor-immobilien.de\/en\/wp-json\/wp\/v2\/media\/4188"}],"wp:attachment":[{"href":"https:\/\/www.molitor-immobilien.de\/en\/wp-json\/wp\/v2\/media?parent=4187"}],"wp:term":[{"taxonomy":"category","embeddable":true,"href":"https:\/\/www.molitor-immobilien.de\/en\/wp-json\/wp\/v2\/categories?post=4187"},{"taxonomy":"post_tag","embeddable":true,"href":"https:\/\/www.molitor-immobilien.de\/en\/wp-json\/wp\/v2\/tags?post=4187"}],"curies":[{"name":"wp","href":"https:\/\/api.w.org\/{rel}","templated":true}]}}