{"id":3011,"date":"2019-09-06T15:32:11","date_gmt":"2019-09-06T13:32:11","guid":{"rendered":"https:\/\/www.molitor-immobilien.de\/?p=3011"},"modified":"2019-09-13T11:34:32","modified_gmt":"2019-09-13T09:34:32","slug":"kultur-im-pavillon-aparthotel-zeigt-heimat-bilder","status":"publish","type":"post","link":"https:\/\/www.molitor-immobilien.de\/en\/unkategorisiert\/kultur-im-pavillon-aparthotel-zeigt-heimat-bilder\/","title":{"rendered":"Kultur im Pavillon:  Aparthotel zeigt \u201eHeimat-Bilder\u201c"},"content":{"rendered":"<p>Inspiriert vom diesj\u00e4hrigen Thema des Kultursommers Rheinland-Pfalz wurde am 10. September 2019 im Event-Pavillon des Aparthotel Budenheim eine spannende Mischung an &#8220;Heimat-Bildern&#8221; ausgestellt. Als Zuhause auf Zeit f\u00fcr Menschen aus aller Welt wird auf das Thema &#8220;Heimat&#8221; einen besonderer Blick gelegt und f\u00fcr die Ausstellung bewusst weit gefasst. So stammen die gezeigten Fotografien von Budenheimern, Zugezogenen und Bewohnern des Aparthotels, die jeweils ihre ganz eigene Perspektive auf das Thema beigesteuert haben.<br \/>\nDas Spektrum reicht von wundersch\u00f6nen Landschaftsbildern, pr\u00e4genden Budenheimer Geb\u00e4uden, historische Fotografien aus Budenheim bis hin zu Heimat-Bildern aus Finnland, Litauen und den Niederlanden. Durch die G\u00e4ste, die Budenheimer Nachbarschaft, die landschaftliche Idylle, in der das Aparthotel Parkallee gelegen ist, ist das Thema Heimat so vielf\u00e4ltig und interessant. Diese faszinierende Vielfalt konnte durch die zusammengekommenen Fotografien festgehalten werden. Klicken Sie sich durch die Galerie und erleben Sie dieses einzigartige Zusammentreffen verschiedener Heimaten.<\/p>\n<p><a href=\"https:\/\/aparthotel-mainz.de\/pavillon-bildergalerie\/\">Interresse? Hier geht&#8217;s zur Bildergalerie<\/a><\/p>\n","protected":false},"excerpt":{"rendered":"<p><span>Inspiriert vom diesj\u00e4hrigen Thema des Kultursommers Rheinland-Pfalz wurde am 10. September 2019 im Event-Pavillon des Aparthotel Budenheim eine spannende Mischung an &#8220;Heimat-Bildern&#8221; ausgestellt. Als Zuhause auf Zeit f\u00fcr Menschen aus aller Welt wird auf das Thema &#8220;Heimat&#8221; einen besonderer Blick gelegt und f\u00fcr die Ausstellung bewusst weit gefasst.<\/span><\/p>\n","protected":false},"author":2,"featured_media":3014,"comment_status":"closed","ping_status":"closed","sticky":false,"template":"","format":"standard","meta":{"footnotes":"","mc4wp_mailchimp_campaign":[]},"categories":[],"tags":[],"acf":[],"_links":{"self":[{"href":"https:\/\/www.molitor-immobilien.de\/en\/wp-json\/wp\/v2\/posts\/3011"}],"collection":[{"href":"https:\/\/www.molitor-immobilien.de\/en\/wp-json\/wp\/v2\/posts"}],"about":[{"href":"https:\/\/www.molitor-immobilien.de\/en\/wp-json\/wp\/v2\/types\/post"}],"author":[{"embeddable":true,"href":"https:\/\/www.molitor-immobilien.de\/en\/wp-json\/wp\/v2\/users\/2"}],"replies":[{"embeddable":true,"href":"https:\/\/www.molitor-immobilien.de\/en\/wp-json\/wp\/v2\/comments?post=3011"}],"version-history":[{"count":0,"href":"https:\/\/www.molitor-immobilien.de\/en\/wp-json\/wp\/v2\/posts\/3011\/revisions"}],"wp:featuredmedia":[{"embeddable":true,"href":"https:\/\/www.molitor-immobilien.de\/en\/wp-json\/wp\/v2\/media\/3014"}],"wp:attachment":[{"href":"https:\/\/www.molitor-immobilien.de\/en\/wp-json\/wp\/v2\/media?parent=3011"}],"wp:term":[{"taxonomy":"category","embeddable":true,"href":"https:\/\/www.molitor-immobilien.de\/en\/wp-json\/wp\/v2\/categories?post=3011"},{"taxonomy":"post_tag","embeddable":true,"href":"https:\/\/www.molitor-immobilien.de\/en\/wp-json\/wp\/v2\/tags?post=3011"}],"curies":[{"name":"wp","href":"https:\/\/api.w.org\/{rel}","templated":true}]}}