{"id":2943,"date":"2019-08-23T09:45:44","date_gmt":"2019-08-23T07:45:44","guid":{"rendered":"https:\/\/www.molitor-immobilien.de\/?p=2943"},"modified":"2019-08-23T09:45:44","modified_gmt":"2019-08-23T07:45:44","slug":"wir-sehen-uns-auf-der-mainzer-immobilienmesse-am-24-august-2019","status":"publish","type":"post","link":"https:\/\/www.molitor-immobilien.de\/en\/unkategorisiert\/wir-sehen-uns-auf-der-mainzer-immobilienmesse-am-24-august-2019\/","title":{"rendered":"Wir sehen uns: Auf der Mainzer Immobilienmesse am 24. August 2019"},"content":{"rendered":"<p>Zur Mainzer Immobilienmesse gibt es am Molitor-Stand wieder viel zu besprechen: Ob in der Landeshauptstadt oder im rheinhessischen Speckg\u00fcrtel haben wir wieder jede Menge spannende Angebote f\u00fcr Sie im Gep\u00e4ck. Au\u00dferdem informieren wir Sie umfassend zum Dauerbrenner Klimaschutz: Erfahren Sie bei uns, wie Sie mit unseren zukunftsweisenden Konzepten Klimaschutz und Wohnkomfort optimal verbinden. Zum Beispiel mit elektrischer Haustechniksteuerung \u00fcber Sm@rtHome.<\/p>\n<p>Wann: Samstag, 24. August 2019 von 10 \u2013 17 Uhr<br \/>\nWo: Kurf\u00fcrstliches Schloss, Diether-von-Isenburg-Stra\u00dfe, Mainz<br \/>\nStand Nr. 1<\/p>\n","protected":false},"excerpt":{"rendered":"<p><span>Zur Mainzer Immobilienmesse gibt es am Molitor-Stand wieder viel zu besprechen: Ob in der Landeshauptstadt oder im rheinhessischen Speckg\u00fcrtel haben wir wieder jede Menge spannende Angebote f\u00fcr Sie im Gep\u00e4ck. Au\u00dferdem informieren wir Sie umfassend zum Dauerbrenner Klimaschutz: &#8230;<\/span><\/p>\n","protected":false},"author":2,"featured_media":0,"comment_status":"closed","ping_status":"closed","sticky":false,"template":"","format":"standard","meta":{"footnotes":"","mc4wp_mailchimp_campaign":[]},"categories":[],"tags":[],"acf":[],"_links":{"self":[{"href":"https:\/\/www.molitor-immobilien.de\/en\/wp-json\/wp\/v2\/posts\/2943"}],"collection":[{"href":"https:\/\/www.molitor-immobilien.de\/en\/wp-json\/wp\/v2\/posts"}],"about":[{"href":"https:\/\/www.molitor-immobilien.de\/en\/wp-json\/wp\/v2\/types\/post"}],"author":[{"embeddable":true,"href":"https:\/\/www.molitor-immobilien.de\/en\/wp-json\/wp\/v2\/users\/2"}],"replies":[{"embeddable":true,"href":"https:\/\/www.molitor-immobilien.de\/en\/wp-json\/wp\/v2\/comments?post=2943"}],"version-history":[{"count":0,"href":"https:\/\/www.molitor-immobilien.de\/en\/wp-json\/wp\/v2\/posts\/2943\/revisions"}],"wp:attachment":[{"href":"https:\/\/www.molitor-immobilien.de\/en\/wp-json\/wp\/v2\/media?parent=2943"}],"wp:term":[{"taxonomy":"category","embeddable":true,"href":"https:\/\/www.molitor-immobilien.de\/en\/wp-json\/wp\/v2\/categories?post=2943"},{"taxonomy":"post_tag","embeddable":true,"href":"https:\/\/www.molitor-immobilien.de\/en\/wp-json\/wp\/v2\/tags?post=2943"}],"curies":[{"name":"wp","href":"https:\/\/api.w.org\/{rel}","templated":true}]}}