{"id":25802,"date":"2026-04-27T09:43:30","date_gmt":"2026-04-27T07:43:30","guid":{"rendered":"https:\/\/www.molitor-immobilien.de\/?p=25802"},"modified":"2026-04-27T10:05:51","modified_gmt":"2026-04-27T08:05:51","slug":"grundstein-fuer-mehr-teilhabe-neues-wohnprojekt-in-gau-algesheim-schafft-raum-fuer-selbstbestimmtes-leben","status":"publish","type":"post","link":"https:\/\/www.molitor-immobilien.de\/en\/news\/grundstein-fuer-mehr-teilhabe-neues-wohnprojekt-in-gau-algesheim-schafft-raum-fuer-selbstbestimmtes-leben\/","title":{"rendered":"Grundstein f\u00fcr mehr Teilhabe: Neues Wohnprojekt in Gau-Algesheim schafft Raum f\u00fcr selbstbestimmtes Leben"},"content":{"rendered":"<p>Als regionaler Immobilienentwickler realisieren wir nicht nur eigene Vorhaben. Wir sind auch Dienstleister, wenn es um Auftrags-Projektentwicklungen geht. Von der Grundst\u00fcckssuche bis zur Baurechtschaffung, von der Planung bis hin zur schl\u00fcsselfertigen Bauausf\u00fchrung \u2013 und auf Wunsch auch beim anschlie\u00dfenden Geb\u00e4udebetrieb sind wir der richtige Partner f\u00fcr regionale Projektentwicklungen aller Asset-Klassen.<\/p>\n<p>Ein Beispiel f\u00fcr eine solche Auftrags-Projektentwicklung ist das Wohnensemble \u201eWohnen und Teilhabe\u201c des Evangelischen Diakoniewerks Zoar in Gau-Algesheim. Hierf\u00fcr wurde gerade im Beisein von zahlreichen Vertreterinnen und Vertretern aus Politik, Verwaltung und Gesellschaft, darunter die rheinland-pf\u00e4lzische Sozialministerin D\u00f6rte Schall, die Grundsteinlegung f\u00fcr das Projekt gefeiert.<\/p>\n\n\n<div id=\"grid-0\" class=\"grid-gallery gallery\">\n\t<div class=\"gallery-wrapper\">\n\t\t        \n        <ul class=\"grid thin col-3\">\n        \t<li class=\"item\" data-slide=\"0\">\n                <figure class=\"\" data-zoom=\"https:\/\/www.molitor-immobilien.de\/wp-content\/uploads\/2026\/04\/zoar-gau-algesheim-7-1200x800.webp\"><img decoding=\"async\" class=\"image\" src=\"https:\/\/www.molitor-immobilien.de\/wp-content\/uploads\/2026\/04\/zoar-gau-algesheim-7-800x500.webp\" alt=\"\" \/><\/figure>        <\/li><li class=\"item\" data-slide=\"1\">\n                <figure class=\"\" data-zoom=\"https:\/\/www.molitor-immobilien.de\/wp-content\/uploads\/2026\/04\/zoar-gau-algesheim-3-1200x800.webp\"><img decoding=\"async\" class=\"image\" src=\"https:\/\/www.molitor-immobilien.de\/wp-content\/uploads\/2026\/04\/zoar-gau-algesheim-3-800x500.webp\" alt=\"\" \/><\/figure>        <\/li><li class=\"item\" data-slide=\"2\">\n                <figure class=\"\" data-zoom=\"https:\/\/www.molitor-immobilien.de\/wp-content\/uploads\/2026\/04\/zoar-gau-algesheim-5-1200x800.webp\"><img decoding=\"async\" class=\"image\" src=\"https:\/\/www.molitor-immobilien.de\/wp-content\/uploads\/2026\/04\/zoar-gau-algesheim-5-800x500.webp\" alt=\"\" \/><\/figure>        <\/li><li class=\"item\" data-slide=\"3\">\n                <figure class=\"\" data-zoom=\"https:\/\/www.molitor-immobilien.de\/wp-content\/uploads\/2026\/04\/zoar-gau-algesheim-2-1200x800.webp\"><img decoding=\"async\" class=\"image\" src=\"https:\/\/www.molitor-immobilien.de\/wp-content\/uploads\/2026\/04\/zoar-gau-algesheim-2-800x500.webp\" alt=\"\" \/><\/figure>        <\/li><li class=\"item\" data-slide=\"4\">\n                <figure class=\"\" data-zoom=\"https:\/\/www.molitor-immobilien.de\/wp-content\/uploads\/2026\/04\/zoar-gau-algesheim-4-1200x800.webp\"><img decoding=\"async\" class=\"image\" src=\"https:\/\/www.molitor-immobilien.de\/wp-content\/uploads\/2026\/04\/zoar-gau-algesheim-4-800x500.webp\" alt=\"\" \/><\/figure>        <\/li><li class=\"item\" data-slide=\"5\">\n                <figure class=\"\" data-zoom=\"https:\/\/www.molitor-immobilien.de\/wp-content\/uploads\/2026\/04\/zoar-gau-algesheim-6-1200x800.webp\"><img decoding=\"async\" class=\"image\" src=\"https:\/\/www.molitor-immobilien.de\/wp-content\/uploads\/2026\/04\/zoar-gau-algesheim-6-800x500.webp\" alt=\"\" \/><\/figure>        <\/li>         <\/ul>\n    <\/div>\n<\/div>\n<p>Auf dem Gel\u00e4nde entsteht ein modernes Wohnangebot f\u00fcr 48 Menschen mit Beeintr\u00e4chtigungen, die k\u00fcnftig in vier Wohngruppen mit jeweils 12 Pl\u00e4tzen in zwei Geb\u00e4uden leben werden. Ziel des Projekts ist es, Menschen mit Unterst\u00fctzungsbedarf ein selbstbestimmtes Leben in einem inklusiven Umfeld zu erm\u00f6glichen.<\/p>\n<p>Das Vorhaben bildet den Abschluss des umfassenden Dezentralisierungsprozesses des Evangelischen Diakoniewerks Zoar. Im Mittelpunkt steht dabei die Abkehr von zentralen Komplexeinrichtungen hin zu wohnortnahen Angeboten \u2013 mitten in der Gesellschaft. Schon seit vielen Jahren begleitet die J. Molitor Immobilien GmbH das Diakoniewerk Zoar bei diesem Dezentralisierungsprozess. So wurden im Zuge der gemeinsamen Zusammenarbeit etwa Wohnangebote in Heidesheim und Mainz geschaffen.<\/p>\n<p>\u201eDas Projekt \u201aWohnen und Teilhabe\u2018 in Gau-Algesheim ist ein weiterer Meilenstein in der Zusammenarbeit, die uns seit vielen Jahren mit dem Evangelischen Diakoniewerk Zoar verbindet und die uns auch deshalb so wichtig ist, weil sie einen ganz besonderen Mehrwert f\u00fcr die Region schafft. Als regionaler Projektentwickler sehen wir es hier als unsere Aufgabe an, mit unserem Know-how und unserem Netzwerk M\u00f6glichmacher zu sein\u201c, so Lars Heimann, Gesch\u00e4ftsf\u00fchrer der J. Molitor Immobilien GmbH, die das Geb\u00e4ude im Auftrag dem Evangelischen Diakoniewerk Zoar entwickelt.<\/p>\n<p>\u201eMit der heutigen Grundsteinlegung findet das Dezentralisierungsprojekt in der Region Mainz-Bingen seinen erfolgreichen Abschluss \u2013 nicht als Ende, sondern als Anfang eines neuen Kapitels f\u00fcr 166 Menschen\u201c, so Martina Leib-Herr Vorst\u00e4ndin des Evangelischen Diakoniewerks Zoar. \u201eMit diesem Projekt schaffen wir nicht nur Wohnraum, sondern einen Ort der Teilhabe und des Miteinanders\u201c, so Monja Seckler-Classen, Leitung Eingliederungs- und Altenhilfe, Kindertagest\u00e4tten Landkreis Mainz-Bingen. \u201eTeilhabe ist kein Zusatz \u2013 sie ist ein Grundrecht und geh\u00f6rt in die Mitte unserer Gesellschaft.\u201c<\/p>\n<p>Ein besonderer Moment der Veranstaltung war die symbolische Grundsteinlegung: Sozialministerin D\u00f6rte Schall setzte die Zeitkapsel in den Grundstein ein, die Dokumente und Gegenst\u00e4nde enth\u00e4lt und den Beginn dieses Projekts f\u00fcr die Zukunft festh\u00e4lt.<\/p>\n<p>Die zuk\u00fcnftigen Bewohnerinnen und Bewohner werden in ein sozialr\u00e4umlich eingebundenes Umfeld ziehen, das Begegnung, Nachbarschaft und gesellschaftliche Teilhabe f\u00f6rdert. Das Konzept setzt auf individuelle Assistenzleistungen, die sich an den pers\u00f6nlichen Bed\u00fcrfnissen der Menschen orientieren und deren Selbstbestimmung st\u00e4rken.<\/p>\n<p>Die Fertigstellung des Bauvorhabens ist f\u00fcr Ende 2027 geplant.<\/p>\n","protected":false},"excerpt":{"rendered":"<p>Als regionaler Immobilienentwickler realisieren wir nicht nur eigene Vorhaben. Wir sind auch Dienstleister, wenn es um Auftrags-Projektentwicklungen geht. Von der Grundst\u00fcckssuche bis zur Baurechtschaffung, von der Planung bis hin zur schl\u00fcsselfertigen Bauausf\u00fchrung \u2013 und auf Wunsch auch beim anschlie\u00dfenden Geb\u00e4udebetrieb sind wir der richtige Partner f\u00fcr regionale Projektentwicklungen aller Asset-Klassen.<\/p>\n","protected":false},"author":2,"featured_media":25805,"comment_status":"closed","ping_status":"closed","sticky":false,"template":"","format":"standard","meta":{"footnotes":"","mc4wp_mailchimp_campaign":[]},"categories":[74],"tags":[],"acf":[],"_links":{"self":[{"href":"https:\/\/www.molitor-immobilien.de\/en\/wp-json\/wp\/v2\/posts\/25802"}],"collection":[{"href":"https:\/\/www.molitor-immobilien.de\/en\/wp-json\/wp\/v2\/posts"}],"about":[{"href":"https:\/\/www.molitor-immobilien.de\/en\/wp-json\/wp\/v2\/types\/post"}],"author":[{"embeddable":true,"href":"https:\/\/www.molitor-immobilien.de\/en\/wp-json\/wp\/v2\/users\/2"}],"replies":[{"embeddable":true,"href":"https:\/\/www.molitor-immobilien.de\/en\/wp-json\/wp\/v2\/comments?post=25802"}],"version-history":[{"count":0,"href":"https:\/\/www.molitor-immobilien.de\/en\/wp-json\/wp\/v2\/posts\/25802\/revisions"}],"wp:featuredmedia":[{"embeddable":true,"href":"https:\/\/www.molitor-immobilien.de\/en\/wp-json\/wp\/v2\/media\/25805"}],"wp:attachment":[{"href":"https:\/\/www.molitor-immobilien.de\/en\/wp-json\/wp\/v2\/media?parent=25802"}],"wp:term":[{"taxonomy":"category","embeddable":true,"href":"https:\/\/www.molitor-immobilien.de\/en\/wp-json\/wp\/v2\/categories?post=25802"},{"taxonomy":"post_tag","embeddable":true,"href":"https:\/\/www.molitor-immobilien.de\/en\/wp-json\/wp\/v2\/tags?post=25802"}],"curies":[{"name":"wp","href":"https:\/\/api.w.org\/{rel}","templated":true}]}}