{"id":2512,"date":"2019-05-17T17:23:30","date_gmt":"2019-05-17T15:23:30","guid":{"rendered":"https:\/\/www.molitor-immobilien.de\/?p=2512"},"modified":"2019-05-17T17:23:30","modified_gmt":"2019-05-17T15:23:30","slug":"altes-postlager-kulturelle-zwischennutzung","status":"publish","type":"post","link":"https:\/\/www.molitor-immobilien.de\/en\/unkategorisiert\/altes-postlager-kulturelle-zwischennutzung\/","title":{"rendered":"Altes Postlager: Kulturelle Zwischennutzung"},"content":{"rendered":"<p>Es ist nicht das erste Mal, dass die J. Molitor Immobilien GmbH ein in der Projektierung befindliches Bestandsgeb\u00e4ude f\u00fcr eine kulturelle Zwischennutzung zur Verf\u00fcgung stellt. Aber es ist auch f\u00fcr uns immer wieder beeindruckend, was unsere Kooperationspartner daraus machen \u2013 wie aktuell am Alten Postlager: Die \u201eGutleut\u201c, die bereits einen Publikumsmagneten in der Mainzer Ludwigsstra\u00dfe betreiben, haben aus der leerstehenden Halle eine Location f\u00fcr Streetfood-Gastronomie und kulturelle Events gemacht. Graffitis und eine eigens erarbeitetes Lichtkonzept setzen das Innenleben der Posthalle in Szene. Am Er\u00f6ffnungswochenende nutzten zahlreiche Besucher die Gelegenheit, das spannende Provisorium in Augenschein zu nehmen. Wir w\u00fcnschen den Gutleut weiterhin viel Erfolg und guten Zulauf!<\/p>\n","protected":false},"excerpt":{"rendered":"<p>Es ist nicht das erste Mal, dass die J. Molitor Immobilien GmbH ein in der Projektierung befindliches Bestandsgeb\u00e4ude f\u00fcr eine kulturelle Zwischennutzung zur Verf\u00fcgung stellt. Aber es ist auch f\u00fcr uns immer wieder beeindruckend, was unsere Kooperationspartner daraus machen \u2013 wie aktuell am Alten Postlager:<\/p>\n","protected":false},"author":2,"featured_media":2513,"comment_status":"closed","ping_status":"closed","sticky":false,"template":"","format":"standard","meta":{"footnotes":"","mc4wp_mailchimp_campaign":[]},"categories":[],"tags":[],"acf":[],"_links":{"self":[{"href":"https:\/\/www.molitor-immobilien.de\/en\/wp-json\/wp\/v2\/posts\/2512"}],"collection":[{"href":"https:\/\/www.molitor-immobilien.de\/en\/wp-json\/wp\/v2\/posts"}],"about":[{"href":"https:\/\/www.molitor-immobilien.de\/en\/wp-json\/wp\/v2\/types\/post"}],"author":[{"embeddable":true,"href":"https:\/\/www.molitor-immobilien.de\/en\/wp-json\/wp\/v2\/users\/2"}],"replies":[{"embeddable":true,"href":"https:\/\/www.molitor-immobilien.de\/en\/wp-json\/wp\/v2\/comments?post=2512"}],"version-history":[{"count":0,"href":"https:\/\/www.molitor-immobilien.de\/en\/wp-json\/wp\/v2\/posts\/2512\/revisions"}],"wp:featuredmedia":[{"embeddable":true,"href":"https:\/\/www.molitor-immobilien.de\/en\/wp-json\/wp\/v2\/media\/2513"}],"wp:attachment":[{"href":"https:\/\/www.molitor-immobilien.de\/en\/wp-json\/wp\/v2\/media?parent=2512"}],"wp:term":[{"taxonomy":"category","embeddable":true,"href":"https:\/\/www.molitor-immobilien.de\/en\/wp-json\/wp\/v2\/categories?post=2512"},{"taxonomy":"post_tag","embeddable":true,"href":"https:\/\/www.molitor-immobilien.de\/en\/wp-json\/wp\/v2\/tags?post=2512"}],"curies":[{"name":"wp","href":"https:\/\/api.w.org\/{rel}","templated":true}]}}