{"id":2425,"date":"2019-04-12T22:07:04","date_gmt":"2019-04-12T20:07:04","guid":{"rendered":"https:\/\/www.molitor-immobilien.de\/?p=2425"},"modified":"2019-04-12T22:07:28","modified_gmt":"2019-04-12T20:07:28","slug":"casa-albanus-stilvoll-und-repraesentativ","status":"publish","type":"post","link":"https:\/\/www.molitor-immobilien.de\/en\/unkategorisiert\/casa-albanus-stilvoll-und-repraesentativ\/","title":{"rendered":"Casa Albanus: Stilvoll und repr\u00e4sentativ"},"content":{"rendered":"<p>In bevorzugter Mainz-Bretzenheimer Lage nimmt repr\u00e4sentative Architektur Gestalt an: Allein schon der Rohbau l\u00e4sst erahnen, mit welch mond\u00e4nem Auftritt sich die Stadtvilla \u201eCasa Albanus\u201c pr\u00e4sentieren wird.<br \/>\nEine moderne, geradlinige Formsprache verbindet sich hier mit einem weitl\u00e4ufigen Raumprogramm bis hin zu den gro\u00dfz\u00fcgigen Freiluftrefugien wie Balkon und Dachterrasse. Sichern Sie sich jetzt diese Ausnahmeimmobilie und gestalten Sie diese beim Innenausbau ganz nach Ihren Vorstellungen.<\/p>\n<p><a href=\"https:\/\/www.molitor-immobilien.de\/objekt\/casa-albanus\/\">Erfahren Sie mehr!<\/a><\/p>\n","protected":false},"excerpt":{"rendered":"<p>In bevorzugter Mainz-Bretzenheimer Lage nimmt repr\u00e4sentative Architektur Gestalt an: Allein schon der Rohbau l\u00e4sst erahnen, mit welch mond\u00e4nem Auftritt sich die Stadtvilla \u201eCasa Albanus\u201c pr\u00e4sentieren wird.<br \/>\nEine moderne, geradlinige Formsprache verbindet sich hier mit einem weitl\u00e4ufigen Raumprogramm bis hin zu den gro\u00dfz\u00fcgigen Freiluftrefugien wie Balkon und Dachterrasse. <\/p>\n","protected":false},"author":2,"featured_media":2426,"comment_status":"closed","ping_status":"closed","sticky":false,"template":"","format":"standard","meta":{"footnotes":"","mc4wp_mailchimp_campaign":[]},"categories":[],"tags":[],"acf":[],"_links":{"self":[{"href":"https:\/\/www.molitor-immobilien.de\/en\/wp-json\/wp\/v2\/posts\/2425"}],"collection":[{"href":"https:\/\/www.molitor-immobilien.de\/en\/wp-json\/wp\/v2\/posts"}],"about":[{"href":"https:\/\/www.molitor-immobilien.de\/en\/wp-json\/wp\/v2\/types\/post"}],"author":[{"embeddable":true,"href":"https:\/\/www.molitor-immobilien.de\/en\/wp-json\/wp\/v2\/users\/2"}],"replies":[{"embeddable":true,"href":"https:\/\/www.molitor-immobilien.de\/en\/wp-json\/wp\/v2\/comments?post=2425"}],"version-history":[{"count":0,"href":"https:\/\/www.molitor-immobilien.de\/en\/wp-json\/wp\/v2\/posts\/2425\/revisions"}],"wp:featuredmedia":[{"embeddable":true,"href":"https:\/\/www.molitor-immobilien.de\/en\/wp-json\/wp\/v2\/media\/2426"}],"wp:attachment":[{"href":"https:\/\/www.molitor-immobilien.de\/en\/wp-json\/wp\/v2\/media?parent=2425"}],"wp:term":[{"taxonomy":"category","embeddable":true,"href":"https:\/\/www.molitor-immobilien.de\/en\/wp-json\/wp\/v2\/categories?post=2425"},{"taxonomy":"post_tag","embeddable":true,"href":"https:\/\/www.molitor-immobilien.de\/en\/wp-json\/wp\/v2\/tags?post=2425"}],"curies":[{"name":"wp","href":"https:\/\/api.w.org\/{rel}","templated":true}]}}