{"id":129,"date":"2018-10-29T07:44:42","date_gmt":"2018-10-29T07:44:42","guid":{"rendered":"https:\/\/www.molitor-immobilien.de\/news\/molitor-caritas-einweihung-der-villa-st-rochus\/"},"modified":"2018-12-10T02:57:08","modified_gmt":"2018-12-10T01:57:08","slug":"molitor-caritas-einweihung-der-villa-st-rochus","status":"publish","type":"post","link":"https:\/\/www.molitor-immobilien.de\/en\/unkategorisiert\/molitor-caritas-einweihung-der-villa-st-rochus\/","title":{"rendered":"Molitor &#038; Caritas: Einweihung der \u201eVilla St. Rochus\u201c"},"content":{"rendered":"<p>Mainz, 25. Oktober 2018: Sonnenschein lag \u00fcber dem Mombacher Wohnhaus \u201eVilla St. Rochus\u201c, mit seinen elf barrierefrei und teilweise behindertengerecht ausgestatteten Eigentumswohnungen, als Caritasdirektor Wolfgang Schn\u00f6rr Wohnungseigent\u00fcmer und Projektbeteiligte, das sind der Caritasverband Mainz und die J. Molitor Immobilien GmbH, zur feierlichen Fertigstellung begr\u00fc\u00dfte.<\/p>\n<p>Wolfgang Schn\u00f6rrs Willkommensgru\u00df galt dar\u00fcber hinaus den Kooperationspartnern ohne die das Projekt nicht gelungen w\u00e4re. In f\u00fcnf Jahren Planung und Ausf\u00fchrung entstanden die elf Wohneinheiten. Wolfgang Schn\u00f6rr dankte den Architekten, den Firmen Molitor und Bauunternehmung Karl Gem\u00fcnden GmbH &amp; Co. KG wie auch der Stadt Mainz.<\/p>\n<p>Caritasdirektorin Nicola Adick stellte die bedarfsgerechte Gesamtkonzeption der \u201eVilla St. Rochus\u201c vor, die \u00e4lteren Menschen erlaubt, l\u00e4nger im Stadtteil Mombach zu bleiben, und von den Leistungen des von Kirche und Caritas geschaffenen Zentrums zu profitieren.\u00a0 Die neue Wohnanlage liegt in unmittelbarer Nachbarschaft des \u201eCaritas-Hauses St. Rochus\u201c. Hier ist die, \u201eCaritas-Sozialstation Heilig Geist\u201c, die schon seit 40 Jahren Menschen im ganzen Stadtteil pflegt, in der der \u201ePflegest\u00fctzpunkt\u201c kostenlos rund um das Thema Pflege informiert und ein Besuchsdienst der Pfarrei sich um \u00c4ltere k\u00fcmmert. Das dort angesiedelte \u201eCaf\u00e9 Malete\u201c erm\u00f6glicht Kontakt und Begegnung.<\/p>\n<p>Pfarrer Gottfried Keindl segnete die \u201eVilla St. Rochus\u201c und alle Bewohner und w\u00fcnscht ihnen ein sinnerf\u00fclltes Leben.<\/p>\n<p>Ortvorsteherin Eleonore Lossen-Gei\u00dfler hie\u00df die neuen Bewohner mit dem \u201eStarter-Paket\u201c herzlich willkommen: Einem Stadtplan, \u201edamit sie immer heimfinden\u201c und einem humorigen Buch von Heinz Schier zu Mombach.<\/p>\n<p>Gesch\u00e4ftsf\u00fchrer Dirk Gem\u00fcnden der Firma J. Molitor Immobilien GmbH Ingelheim dankte der Caritas f\u00fcr das Vertrauen und die gute Zusammenarbeit, w\u00e4hrend derer seine Firma viele Erfahrungen zum altengerechten Wohnen sammeln konnte.<\/p>\n<p>Dr. Eckart Lensch, der st\u00e4dtische Dezernent f\u00fcr Soziales, Kinder, Jugend, Schule und Gesundheit, sieht in der Anlage einen hervorragend umgesetzten Beitrag im Mombacher Gemeinwesen. Er lobte den Mut, den Stadtteil reicher zu machen. Er w\u00fcnscht dem Haus einen guten Start.<\/p>\n<p>Foto v. l. Caritasdirektor Wolfgang Schn\u00f6rr, Ortsvorsteherin Eleonore Lossen-Gei\u00dfler, Caritasdirektorin Nicola Adick, Pfarrer Gottfried Keindl, Molitor-Gesch\u00e4ftsf\u00fchrer Dirk Gem\u00fcnden<\/p>\n<p>&nbsp;<\/p>\n","protected":false},"excerpt":{"rendered":"<p>Mainz, 25. Oktober 2018: Sonnenschein lag \u00fcber dem Mombacher Wohnhaus \u201eVilla St. Rochus\u201c, mit seinen elf barrierefrei und teilweise behindertengerecht ausgestatteten Eigentumswohnungen, als Caritasdirektor Wolfgang Schn\u00f6rr Wohnungseigent\u00fcmer und Projektbeteiligte, das sind der Caritasverband Mainz und die J. Molitor Immobilien GmbH, zur feierlichen Fertigstellung begr\u00fc\u00dfte.<\/p>\n","protected":false},"author":1,"featured_media":263,"comment_status":"closed","ping_status":"closed","sticky":false,"template":"","format":"standard","meta":{"footnotes":"","mc4wp_mailchimp_campaign":[]},"categories":[],"tags":[],"acf":[],"_links":{"self":[{"href":"https:\/\/www.molitor-immobilien.de\/en\/wp-json\/wp\/v2\/posts\/129"}],"collection":[{"href":"https:\/\/www.molitor-immobilien.de\/en\/wp-json\/wp\/v2\/posts"}],"about":[{"href":"https:\/\/www.molitor-immobilien.de\/en\/wp-json\/wp\/v2\/types\/post"}],"author":[{"embeddable":true,"href":"https:\/\/www.molitor-immobilien.de\/en\/wp-json\/wp\/v2\/users\/1"}],"replies":[{"embeddable":true,"href":"https:\/\/www.molitor-immobilien.de\/en\/wp-json\/wp\/v2\/comments?post=129"}],"version-history":[{"count":0,"href":"https:\/\/www.molitor-immobilien.de\/en\/wp-json\/wp\/v2\/posts\/129\/revisions"}],"wp:featuredmedia":[{"embeddable":true,"href":"https:\/\/www.molitor-immobilien.de\/en\/wp-json\/wp\/v2\/media\/263"}],"wp:attachment":[{"href":"https:\/\/www.molitor-immobilien.de\/en\/wp-json\/wp\/v2\/media?parent=129"}],"wp:term":[{"taxonomy":"category","embeddable":true,"href":"https:\/\/www.molitor-immobilien.de\/en\/wp-json\/wp\/v2\/categories?post=129"},{"taxonomy":"post_tag","embeddable":true,"href":"https:\/\/www.molitor-immobilien.de\/en\/wp-json\/wp\/v2\/tags?post=129"}],"curies":[{"name":"wp","href":"https:\/\/api.w.org\/{rel}","templated":true}]}}