{"id":116,"date":"2018-08-10T15:44:21","date_gmt":"2018-08-10T15:44:21","guid":{"rendered":"https:\/\/www.molitor-immobilien.de\/news\/ockenheim-startschuss-fuer-2-ba-wohngebiet-in-den-weiden\/"},"modified":"2018-12-10T06:33:09","modified_gmt":"2018-12-10T05:33:09","slug":"ockenheim-startschuss-fuer-2-ba-wohngebiet-in-den-weiden","status":"publish","type":"post","link":"https:\/\/www.molitor-immobilien.de\/en\/unkategorisiert\/ockenheim-startschuss-fuer-2-ba-wohngebiet-in-den-weiden\/","title":{"rendered":"Ockenheim: Startschuss f\u00fcr 2. BA Wohngebiet \u201eIn den Weiden\u201c"},"content":{"rendered":"<p>Es geht weiter: Nach der erfolgreichen ersten Etappe f\u00e4llt im Familienwohngebiet \u201eIn den Weiden\u201c nun der Startschuss f\u00fcr den 2. Bauabschnitt der Doppel- und Reihenh\u00e4user. Aufgelockert angeordnet in zwei Dreiergruppen, bieten die Eigenheime jeweils gro\u00dfz\u00fcgige rund 140 m\u00b2 Wohnfl\u00e4che.<\/p>\n<p><a href=\"https:\/\/www.molitor-immobilien.de\/objekt\/doppel-reihenhaeuser-ockenheim\/\">Weiter zum Projekt\u2026<\/a><\/p>\n\n\n<div id=\"grid-0\" class=\"grid-gallery gallery\">\n\t<div class=\"gallery-wrapper\">\n\t\t        \n        <ul class=\"grid thin col-3\">\n        \t<li class=\"item\" data-slide=\"0\">\n                <figure class=\"\" data-zoom=\"https:\/\/www.molitor-immobilien.de\/wp-content\/uploads\/2018\/08\/1-1200x900.jpg\"><img decoding=\"async\" class=\"image\" src=\"https:\/\/www.molitor-immobilien.de\/wp-content\/uploads\/2018\/08\/1-800x500.jpg\" alt=\"\" \/><\/figure>        <\/li>         <\/ul>\n    <\/div>\n<\/div>\n","protected":false},"excerpt":{"rendered":"<p>Es geht weiter: Nach der erfolgreichen ersten Etappe f\u00e4llt im Familienwohngebiet \u201eIn den Weiden\u201c nun der Startschuss f\u00fcr den 2. Bauabschnitt der Doppel- und Reihenh\u00e4user.<\/p>\n","protected":false},"author":1,"featured_media":225,"comment_status":"closed","ping_status":"closed","sticky":false,"template":"","format":"standard","meta":{"footnotes":"","mc4wp_mailchimp_campaign":[]},"categories":[],"tags":[],"acf":[],"_links":{"self":[{"href":"https:\/\/www.molitor-immobilien.de\/en\/wp-json\/wp\/v2\/posts\/116"}],"collection":[{"href":"https:\/\/www.molitor-immobilien.de\/en\/wp-json\/wp\/v2\/posts"}],"about":[{"href":"https:\/\/www.molitor-immobilien.de\/en\/wp-json\/wp\/v2\/types\/post"}],"author":[{"embeddable":true,"href":"https:\/\/www.molitor-immobilien.de\/en\/wp-json\/wp\/v2\/users\/1"}],"replies":[{"embeddable":true,"href":"https:\/\/www.molitor-immobilien.de\/en\/wp-json\/wp\/v2\/comments?post=116"}],"version-history":[{"count":0,"href":"https:\/\/www.molitor-immobilien.de\/en\/wp-json\/wp\/v2\/posts\/116\/revisions"}],"wp:featuredmedia":[{"embeddable":true,"href":"https:\/\/www.molitor-immobilien.de\/en\/wp-json\/wp\/v2\/media\/225"}],"wp:attachment":[{"href":"https:\/\/www.molitor-immobilien.de\/en\/wp-json\/wp\/v2\/media?parent=116"}],"wp:term":[{"taxonomy":"category","embeddable":true,"href":"https:\/\/www.molitor-immobilien.de\/en\/wp-json\/wp\/v2\/categories?post=116"},{"taxonomy":"post_tag","embeddable":true,"href":"https:\/\/www.molitor-immobilien.de\/en\/wp-json\/wp\/v2\/tags?post=116"}],"curies":[{"name":"wp","href":"https:\/\/api.w.org\/{rel}","templated":true}]}}