{"id":115,"date":"2018-08-03T14:00:45","date_gmt":"2018-08-03T14:00:45","guid":{"rendered":"https:\/\/www.molitor-immobilien.de\/news\/ausbildung-13-junge-menschen-starten-ins-berufsleben\/"},"modified":"2018-12-10T03:43:02","modified_gmt":"2018-12-10T02:43:02","slug":"ausbildung-13-junge-menschen-starten-ins-berufsleben","status":"publish","type":"post","link":"https:\/\/www.molitor-immobilien.de\/en\/unkategorisiert\/ausbildung-13-junge-menschen-starten-ins-berufsleben\/","title":{"rendered":"Ausbildung: 13 junge Menschen starten ins Berufsleben"},"content":{"rendered":"<p>Um den Fachkr\u00e4ftenachwuchs von morgen zu sichern, engagiert sich die Unternehmensgruppe Gem\u00fcnden-Molitor stark in der Berufsausbildung junger Menschen.<\/p>\n<p>Am 1. August 2018 fiel f\u00fcr 13 Azubis der Startschuss in einen neuen Lebensabschnitt, darunter sieben Maurerlehrlinge, zwei angehende Bauzeichner und vier Auszubildende im kaufm\u00e4nnischen Bereich.<\/p>\n<p>Wir freuen uns \u00fcber die Verst\u00e4rkung und w\u00fcnschen den Neuen in unserem Team alles Gute, viel Freude an ihren Aufgaben und einen erfolgreichen Ausbildungsverlauf.<\/p>\n","protected":false},"excerpt":{"rendered":"<p>Um den Fachkr\u00e4ftenachwuchs von morgen zu sichern, engagiert sich die Unternehmensgruppe Gem\u00fcnden-Molitor stark in der Berufsausbildung junger Menschen. Am 1. August 2018 fiel f\u00fcr 13 Azubis der Startschuss in einen neuen Lebensabschnitt.<\/p>\n","protected":false},"author":1,"featured_media":222,"comment_status":"closed","ping_status":"closed","sticky":false,"template":"","format":"standard","meta":{"footnotes":"","mc4wp_mailchimp_campaign":[]},"categories":[],"tags":[],"acf":[],"_links":{"self":[{"href":"https:\/\/www.molitor-immobilien.de\/en\/wp-json\/wp\/v2\/posts\/115"}],"collection":[{"href":"https:\/\/www.molitor-immobilien.de\/en\/wp-json\/wp\/v2\/posts"}],"about":[{"href":"https:\/\/www.molitor-immobilien.de\/en\/wp-json\/wp\/v2\/types\/post"}],"author":[{"embeddable":true,"href":"https:\/\/www.molitor-immobilien.de\/en\/wp-json\/wp\/v2\/users\/1"}],"replies":[{"embeddable":true,"href":"https:\/\/www.molitor-immobilien.de\/en\/wp-json\/wp\/v2\/comments?post=115"}],"version-history":[{"count":0,"href":"https:\/\/www.molitor-immobilien.de\/en\/wp-json\/wp\/v2\/posts\/115\/revisions"}],"wp:featuredmedia":[{"embeddable":true,"href":"https:\/\/www.molitor-immobilien.de\/en\/wp-json\/wp\/v2\/media\/222"}],"wp:attachment":[{"href":"https:\/\/www.molitor-immobilien.de\/en\/wp-json\/wp\/v2\/media?parent=115"}],"wp:term":[{"taxonomy":"category","embeddable":true,"href":"https:\/\/www.molitor-immobilien.de\/en\/wp-json\/wp\/v2\/categories?post=115"},{"taxonomy":"post_tag","embeddable":true,"href":"https:\/\/www.molitor-immobilien.de\/en\/wp-json\/wp\/v2\/tags?post=115"}],"curies":[{"name":"wp","href":"https:\/\/api.w.org\/{rel}","templated":true}]}}